{"id":1929,"date":"2026-04-28T11:29:25","date_gmt":"2026-04-28T11:29:25","guid":{"rendered":"https:\/\/aebriteiros.pt\/inicio\/?p=1929"},"modified":"2026-04-28T11:54:40","modified_gmt":"2026-04-28T11:54:40","slug":"informacoes-sobre-emissao-e-atualizacao-do-passe-escolar-ano-letivo-2026-2027","status":"publish","type":"post","link":"https:\/\/aebriteiros.pt\/inicio\/2026\/04\/28\/informacoes-sobre-emissao-e-atualizacao-do-passe-escolar-ano-letivo-2026-2027\/","title":{"rendered":"Informa\u00e7\u00f5es sobre Emiss\u00e3o e Atualiza\u00e7\u00e3o do Passe Escolar \u2013 Ano Letivo 2026\/2027"},"content":{"rendered":"\n<p><\/p>\n\n\n\n<p>Para o ano letivo&nbsp;<strong>2026\/2027<\/strong>, os novos utilizadores devem:<br>\uf0b7* Dirigir-se ao balc\u00e3o da&nbsp;Guimabus&nbsp;com o encarregado de educa\u00e7\u00e3o para<br>     preencher o formul\u00e1rio;<br>\uf0b7 *Apresentar o cart\u00e3o de cidad\u00e3o, t\u00edtulo de resid\u00eancia de residente ou<br>     passaporte;<br>\uf0b7 * Levar uma fotografia atualizada (pode ser tirada no telem\u00f3vel);<br>\uf0b7 * O cart\u00e3o tem o custo de<strong>&nbsp;2,50\u20ac (primeira emiss\u00e3o)<\/strong>.<br><strong>Nota:&nbsp;<\/strong>Quem tem&nbsp;<strong>18 anos ou mais<\/strong>&nbsp;deve levar a&nbsp;<strong>declara\u00e7\u00e3o de matr\u00edcula<\/strong>, assinada e<br>carimbada.<br>&nbsp;<br><strong>Para quem j\u00e1 possui passe e vai mudar de escola<\/strong>:<br>\uf0b7 * Levar o passe atual;<br>\uf0b7 * Apresentar o cart\u00e3o de cidad\u00e3o, t\u00edtulo de resid\u00eancia ou passaporte;<br>\uf0b7 * O encarregado de educa\u00e7\u00e3o deve dirigir-se ao balc\u00e3o da&nbsp;Guimabus&nbsp;para<br>       preencher o formul\u00e1rio;<br>\uf0b7 Caso a fotografia do passe esteja desatualizada, a emiss\u00e3o de um novo cart\u00e3o<br>tem o custo de&nbsp;5\u20ac.<br>\uf0b7 Levar uma fotografia atualizada (pode ser tirada no telem\u00f3vel);<br>Nota:&nbsp;Quem tem&nbsp;<strong>18 anos ou mais<\/strong>&nbsp;deve levar a&nbsp;<strong>declara\u00e7\u00e3o de matr\u00edcula<\/strong>, assinada e<br>carimbada.<br>&nbsp;<br><strong>Informa\u00e7\u00e3o adicional<\/strong>:<br>O passe fica pronto na hora, de segunda a sexta-feira, entre as&nbsp;<strong>8h<\/strong> e as <strong>20h<\/strong>, no balc\u00e3o<br>da&nbsp;<strong>Guimabus<\/strong>.<\/p>\n","protected":false},"excerpt":{"rendered":"<p>Para o ano letivo&nbsp;2026\/2027, os novos utilizadores devem:\uf0b7* Dirigir-se ao balc\u00e3o da&nbsp;Guimabus&nbsp;com o encarregado de educa\u00e7\u00e3o<\/p>\n<p><a href=\"https:\/\/aebriteiros.pt\/inicio\/2026\/04\/28\/informacoes-sobre-emissao-e-atualizacao-do-passe-escolar-ano-letivo-2026-2027\/\" class=\"more-link\">Continue a ler&#8230;<span class=\"screen-reader-text\">Informa\u00e7\u00f5es sobre Emiss\u00e3o e Atualiza\u00e7\u00e3o do Passe Escolar \u2013 Ano Letivo 2026\/2027<\/span><\/a><\/p>\n","protected":false},"author":1,"featured_media":1930,"comment_status":"open","ping_status":"open","sticky":false,"template":"","format":"standard","meta":{"footnotes":""},"categories":[32],"tags":[],"class_list":["post-1929","post","type-post","status-publish","format-standard","has-post-thumbnail","hentry","category-comunicados"],"_links":{"self":[{"href":"https:\/\/aebriteiros.pt\/inicio\/wp-json\/wp\/v2\/posts\/1929","targetHints":{"allow":["GET"]}}],"collection":[{"href":"https:\/\/aebriteiros.pt\/inicio\/wp-json\/wp\/v2\/posts"}],"about":[{"href":"https:\/\/aebriteiros.pt\/inicio\/wp-json\/wp\/v2\/types\/post"}],"author":[{"embeddable":true,"href":"https:\/\/aebriteiros.pt\/inicio\/wp-json\/wp\/v2\/users\/1"}],"replies":[{"embeddable":true,"href":"https:\/\/aebriteiros.pt\/inicio\/wp-json\/wp\/v2\/comments?post=1929"}],"version-history":[{"count":4,"href":"https:\/\/aebriteiros.pt\/inicio\/wp-json\/wp\/v2\/posts\/1929\/revisions"}],"predecessor-version":[{"id":1936,"href":"https:\/\/aebriteiros.pt\/inicio\/wp-json\/wp\/v2\/posts\/1929\/revisions\/1936"}],"wp:featuredmedia":[{"embeddable":true,"href":"https:\/\/aebriteiros.pt\/inicio\/wp-json\/wp\/v2\/media\/1930"}],"wp:attachment":[{"href":"https:\/\/aebriteiros.pt\/inicio\/wp-json\/wp\/v2\/media?parent=1929"}],"wp:term":[{"taxonomy":"category","embeddable":true,"href":"https:\/\/aebriteiros.pt\/inicio\/wp-json\/wp\/v2\/categories?post=1929"},{"taxonomy":"post_tag","embeddable":true,"href":"https:\/\/aebriteiros.pt\/inicio\/wp-json\/wp\/v2\/tags?post=1929"}],"curies":[{"name":"wp","href":"https:\/\/api.w.org\/{rel}","templated":true}]}}