{"id":1277,"date":"2025-10-20T13:07:42","date_gmt":"2025-10-20T13:07:42","guid":{"rendered":"https:\/\/aebriteiros.pt\/inicio\/?p=1277"},"modified":"2025-10-21T09:36:33","modified_gmt":"2025-10-21T09:36:33","slug":"outubro-e-o-mes-da-saude-mental","status":"publish","type":"post","link":"https:\/\/aebriteiros.pt\/inicio\/2025\/10\/20\/outubro-e-o-mes-da-saude-mental\/","title":{"rendered":"OUTUBRO \u00c9 O M\u00caS DA SA\u00daDE MENTAL!"},"content":{"rendered":"\n<p><\/p>\n\n\n\n<p>Cuidar do bem-estar psicol\u00f3gico \u00e9 t\u00e3o essencial quanto zelar pela sa\u00fade f\u00edsica.&nbsp;<\/p>\n\n\n\n<p>O&nbsp;<strong>Agrupamento de Escolas de Briteiros<\/strong>&nbsp;refor\u00e7a a import\u00e2ncia de falar sobre Sa\u00fade Mental, reconhecer sinais de fragilidade e procurar apoio.&nbsp;<\/p>\n\n\n\n<p>Promover Sa\u00fade Mental \u00e9 cultivar equil\u00edbrio, empatia e resili\u00eancia.&nbsp;<\/p>\n\n\n\n<p>No DIA MUNDIAL DA SA\u00daDE MENTAL, a 10 DE OUTUBRO, recordamos que\u00a0<strong>TODOS N\u00d3S TEMOS N\u00d3S<\/strong>\u00a0e que, juntos, como Comunidade Educativa, podemos<strong>DESATAR OS N\u00d3S<\/strong>\u00a0e construir uma escola mais humana, solid\u00e1ria e preparada para os desafios di\u00e1rios.<\/p>\n\n\n\n<figure class=\"wp-block-image size-large\"><img fetchpriority=\"high\" decoding=\"async\" width=\"724\" height=\"1024\" src=\"https:\/\/aebriteiros.pt\/inicio\/wp-content\/uploads\/2025\/10\/CARTAZ-2_page-0001-724x1024.jpg\" alt=\"\" class=\"wp-image-1278\" srcset=\"https:\/\/aebriteiros.pt\/inicio\/wp-content\/uploads\/2025\/10\/CARTAZ-2_page-0001-724x1024.jpg 724w, https:\/\/aebriteiros.pt\/inicio\/wp-content\/uploads\/2025\/10\/CARTAZ-2_page-0001-212x300.jpg 212w, https:\/\/aebriteiros.pt\/inicio\/wp-content\/uploads\/2025\/10\/CARTAZ-2_page-0001-768x1086.jpg 768w, https:\/\/aebriteiros.pt\/inicio\/wp-content\/uploads\/2025\/10\/CARTAZ-2_page-0001-1086x1536.jpg 1086w, https:\/\/aebriteiros.pt\/inicio\/wp-content\/uploads\/2025\/10\/CARTAZ-2_page-0001.jpg 1241w\" sizes=\"(max-width: 724px) 100vw, 724px\" \/><\/figure>\n\n\n\n<p><br><\/p>\n","protected":false},"excerpt":{"rendered":"<p>Cuidar do bem-estar psicol\u00f3gico \u00e9 t\u00e3o essencial quanto zelar pela sa\u00fade f\u00edsica.&nbsp; O&nbsp;Agrupamento de Escolas de<\/p>\n<p><a href=\"https:\/\/aebriteiros.pt\/inicio\/2025\/10\/20\/outubro-e-o-mes-da-saude-mental\/\" class=\"more-link\">Continue a ler&#8230;<span class=\"screen-reader-text\">OUTUBRO \u00c9 O M\u00caS DA SA\u00daDE MENTAL!<\/span><\/a><\/p>\n","protected":false},"author":1,"featured_media":1278,"comment_status":"open","ping_status":"open","sticky":false,"template":"","format":"standard","meta":{"footnotes":""},"categories":[23],"tags":[],"class_list":["post-1277","post","type-post","status-publish","format-standard","has-post-thumbnail","hentry","category-eventos"],"_links":{"self":[{"href":"https:\/\/aebriteiros.pt\/inicio\/wp-json\/wp\/v2\/posts\/1277","targetHints":{"allow":["GET"]}}],"collection":[{"href":"https:\/\/aebriteiros.pt\/inicio\/wp-json\/wp\/v2\/posts"}],"about":[{"href":"https:\/\/aebriteiros.pt\/inicio\/wp-json\/wp\/v2\/types\/post"}],"author":[{"embeddable":true,"href":"https:\/\/aebriteiros.pt\/inicio\/wp-json\/wp\/v2\/users\/1"}],"replies":[{"embeddable":true,"href":"https:\/\/aebriteiros.pt\/inicio\/wp-json\/wp\/v2\/comments?post=1277"}],"version-history":[{"count":1,"href":"https:\/\/aebriteiros.pt\/inicio\/wp-json\/wp\/v2\/posts\/1277\/revisions"}],"predecessor-version":[{"id":1279,"href":"https:\/\/aebriteiros.pt\/inicio\/wp-json\/wp\/v2\/posts\/1277\/revisions\/1279"}],"wp:featuredmedia":[{"embeddable":true,"href":"https:\/\/aebriteiros.pt\/inicio\/wp-json\/wp\/v2\/media\/1278"}],"wp:attachment":[{"href":"https:\/\/aebriteiros.pt\/inicio\/wp-json\/wp\/v2\/media?parent=1277"}],"wp:term":[{"taxonomy":"category","embeddable":true,"href":"https:\/\/aebriteiros.pt\/inicio\/wp-json\/wp\/v2\/categories?post=1277"},{"taxonomy":"post_tag","embeddable":true,"href":"https:\/\/aebriteiros.pt\/inicio\/wp-json\/wp\/v2\/tags?post=1277"}],"curies":[{"name":"wp","href":"https:\/\/api.w.org\/{rel}","templated":true}]}}